[{"command":"insert","method":"before","selector":"#wrapper-more","data":"\u003Cdiv class=\u0022row content-resultat\u0022\u003E\n    \u003Cdiv class=\u0022un-resultat col-12 col-sm-6 col-md-4 col-xl-3\u0022\u003E\u003Cdiv class=\u0022objet-touristique teaser_large entity-content teaser click-block\u0022 data-id=\u00225727869\u0022 data-title=\u0022Aire de pique nique plage des Bonnes\u0022 data-id-intuitiv=\u0022sit-5727869\u0022 data-url=\u0022https:\/\/www.oleroneiland.nl\/mijn-vakantie-voorbereiden\/waar-moet-ik-eten-waar-iets-drinken\/picknickplaatsen\/aire-de-pique-nique-plage-des-bonnes\u0022\u003E\n    \u003Cdiv class=\u0022content\u0022\u003E\n        \u003Cdiv class=\u0022content-image\u0022\u003E\n            \u003Cdiv class=\u0022image\u0022\u003E    \u003Cpicture\u003E\n                  \u003Csource srcset=\u0022\/sites\/default\/files\/styles\/teaser_large_xl\/public\/sit\/images\/5727869\/9330896.jpg.webp?h=ddb1ad0c\u0026amp;itok=ODxxjo7N 1x\u0022 media=\u0022(min-width: 1600px)\u0022 type=\u0022image\/webp\u0022 width=\u0022410\u0022 height=\u0022275\u0022\/\u003E\n              \u003Csource srcset=\u0022\/sites\/default\/files\/styles\/teaser_large_xs\/public\/sit\/images\/5727869\/9330896.jpg.webp?h=ddb1ad0c\u0026amp;itok=KDNMovfq 1x\u0022 media=\u0022(min-width: 0)\u0022 type=\u0022image\/webp\u0022 width=\u0022330\u0022 height=\u0022218\u0022\/\u003E\n                  \u003Cimg loading=\u0022eager\u0022 width=\u0022330\u0022 height=\u0022218\u0022 src=\u0022\/sites\/default\/files\/styles\/teaser_large_xs\/public\/sit\/images\/5727869\/9330896.jpg.webp?h=ddb1ad0c\u0026amp;itok=KDNMovfq\u0022 alt=\u0022Office de Tourisme\u0022 title=\u0022Aire de pique nique plage des Bonnes\u0022 \/\u003E\n\n  \u003C\/picture\u003E\n\n\u003C\/div\u003E\n                                            \n                                                        \n        \u003C\/div\u003E\n        \u003Cdiv class=\u0022content-text\u0022\u003E\n            \n            \n                                        \u003Ca class=\u0022title link-block\u0022 href=\u0022https:\/\/www.oleroneiland.nl\/mijn-vakantie-voorbereiden\/waar-moet-ik-eten-waar-iets-drinken\/picknickplaatsen\/aire-de-pique-nique-plage-des-bonnes\u0022 title=\u0022Aire de pique nique plage des Bonnes\u0022\u003EAire de pique nique plage des Bonnes\u003C\/a\u003E\n                        \n            \u003Cdiv\u003E\n                                \u003Cdiv class=\u0022info-complementaire\u0022\u003ESaint-Georges-d\u0026#039;Ol\u00e9ron\u003C\/div\u003E                                            \u003C\/div\u003E\n        \u003C\/div\u003E\n            \u003C\/div\u003E\n\u003C\/div\u003E\n\u003C\/div\u003E\u003Cdiv class=\u0022un-resultat col-12 col-sm-6 col-md-4 col-xl-3\u0022\u003E\u003Cdiv class=\u0022objet-touristique teaser_large entity-content teaser click-block\u0022 data-id=\u00225707362\u0022 data-title=\u0022Plage de Boyardville\u0022 data-id-intuitiv=\u0022sit-5707362\u0022 data-url=\u0022https:\/\/www.oleroneiland.nl\/mijn-vakantie-voorbereiden\/wat-moet-ik-doen\/wateractiviteiten\/stranden\/plage-de-boyardville\u0022\u003E\n    \u003Cdiv class=\u0022content\u0022\u003E\n        \u003Cdiv class=\u0022content-image\u0022\u003E\n            \u003Cdiv class=\u0022image\u0022\u003E    \u003Cpicture\u003E\n                  \u003Csource srcset=\u0022\/sites\/default\/files\/styles\/teaser_large_xl\/public\/sit\/images\/5707362\/9127400.jpg.webp?h=199d8c1f\u0026amp;itok=W03OzAuW 1x\u0022 media=\u0022(min-width: 1600px)\u0022 type=\u0022image\/webp\u0022 width=\u0022410\u0022 height=\u0022275\u0022\/\u003E\n              \u003Csource srcset=\u0022\/sites\/default\/files\/styles\/teaser_large_xs\/public\/sit\/images\/5707362\/9127400.jpg.webp?h=199d8c1f\u0026amp;itok=K-Zt5XZl 1x\u0022 media=\u0022(min-width: 0)\u0022 type=\u0022image\/webp\u0022 width=\u0022330\u0022 height=\u0022218\u0022\/\u003E\n                  \u003Cimg loading=\u0022eager\u0022 width=\u0022330\u0022 height=\u0022218\u0022 src=\u0022\/sites\/default\/files\/styles\/teaser_large_xs\/public\/sit\/images\/5707362\/9127400.jpg.webp?h=199d8c1f\u0026amp;itok=K-Zt5XZl\u0022 alt=\u0022plage de boyardville\u0022 title=\u0022Plage de Boyardville\u0022 \/\u003E\n\n  \u003C\/picture\u003E\n\n\u003C\/div\u003E\n                                            \n                                                        \n        \u003C\/div\u003E\n        \u003Cdiv class=\u0022content-text\u0022\u003E\n            \n            \n                                        \u003Ca class=\u0022title link-block\u0022 href=\u0022https:\/\/www.oleroneiland.nl\/mijn-vakantie-voorbereiden\/wat-moet-ik-doen\/wateractiviteiten\/stranden\/plage-de-boyardville\u0022 title=\u0022Plage de Boyardville\u0022\u003EPlage de Boyardville\u003C\/a\u003E\n                        \n            \u003Cdiv\u003E\n                                \u003Cdiv class=\u0022info-complementaire\u0022\u003ESaint-Georges-d\u0026#039;Ol\u00e9ron\u003C\/div\u003E                                            \u003C\/div\u003E\n        \u003C\/div\u003E\n            \u003C\/div\u003E\n\u003C\/div\u003E\n\u003C\/div\u003E\u003Cdiv class=\u0022un-resultat col-12 col-sm-6 col-md-4 col-xl-3\u0022\u003E\u003Cdiv class=\u0022objet-touristique teaser_large entity-content teaser click-block\u0022 data-id=\u00225743747\u0022 data-title=\u0022Parking Grande Plage\u0022 data-id-intuitiv=\u0022sit-5743747\u0022 data-url=\u0022https:\/\/www.oleroneiland.nl\/commerces-et-services-sites-communaux\/parking-grande-plage\u0022\u003E\n    \u003Cdiv class=\u0022content\u0022\u003E\n        \u003Cdiv class=\u0022content-image\u0022\u003E\n            \u003Cdiv class=\u0022image\u0022\u003E    \u003Cpicture\u003E\n                  \u003Csource srcset=\u0022\/sites\/default\/files\/styles\/teaser_large_xl\/public\/sit\/images\/5743747\/9986742.jpg.webp?h=ddb1ad0c\u0026amp;itok=BvsAYAuN 1x\u0022 media=\u0022(min-width: 1600px)\u0022 type=\u0022image\/webp\u0022 width=\u0022410\u0022 height=\u0022275\u0022\/\u003E\n              \u003Csource srcset=\u0022\/sites\/default\/files\/styles\/teaser_large_xs\/public\/sit\/images\/5743747\/9986742.jpg.webp?h=ddb1ad0c\u0026amp;itok=Gv99Z6YZ 1x\u0022 media=\u0022(min-width: 0)\u0022 type=\u0022image\/webp\u0022 width=\u0022330\u0022 height=\u0022218\u0022\/\u003E\n                  \u003Cimg loading=\u0022eager\u0022 width=\u0022330\u0022 height=\u0022218\u0022 src=\u0022\/sites\/default\/files\/styles\/teaser_large_xs\/public\/sit\/images\/5743747\/9986742.jpg.webp?h=ddb1ad0c\u0026amp;itok=Gv99Z6YZ\u0022 alt=\u0022Parking grande plage\u0022 title=\u0022Parking grande plage\u0022 \/\u003E\n\n  \u003C\/picture\u003E\n\n\u003C\/div\u003E\n                                            \n                                                        \n        \u003C\/div\u003E\n        \u003Cdiv class=\u0022content-text\u0022\u003E\n            \n            \n                                        \u003Ca class=\u0022title link-block\u0022 href=\u0022https:\/\/www.oleroneiland.nl\/commerces-et-services-sites-communaux\/parking-grande-plage\u0022 title=\u0022Parking Grande Plage\u0022\u003EParking Grande Plage\u003C\/a\u003E\n                        \n            \u003Cdiv\u003E\n                                \u003Cdiv class=\u0022info-complementaire\u0022\u003ESaint-Trojan-les-Bains\u003C\/div\u003E                                            \u003C\/div\u003E\n        \u003C\/div\u003E\n            \u003C\/div\u003E\n\u003C\/div\u003E\n\u003C\/div\u003E\u003Cdiv class=\u0022un-resultat col-12 col-sm-6 col-md-4 col-xl-3\u0022\u003E\u003Cdiv class=\u0022objet-touristique teaser_large entity-content teaser click-block\u0022 data-id=\u00225721190\u0022 data-title=\u0022Aire de pique-nique plage de la Boirie N\u00b02\u0022 data-id-intuitiv=\u0022sit-5721190\u0022 data-url=\u0022https:\/\/www.oleroneiland.nl\/mijn-vakantie-voorbereiden\/waar-moet-ik-eten-waar-iets-drinken\/picknickplaatsen\/aire-de-pique-nique-plage-de-la-boirie-ndeg2\u0022\u003E\n    \u003Cdiv class=\u0022content\u0022\u003E\n        \u003Cdiv class=\u0022content-image\u0022\u003E\n            \u003Cdiv class=\u0022image\u0022\u003E    \u003Cpicture\u003E\n                  \u003Csource srcset=\u0022\/sites\/default\/files\/styles\/teaser_large_xl\/public\/sit\/images\/5721190\/23799485.jpg.webp?h=69f2b9d0\u0026amp;itok=3VQu5ur_ 1x\u0022 media=\u0022(min-width: 1600px)\u0022 type=\u0022image\/webp\u0022 width=\u0022410\u0022 height=\u0022275\u0022\/\u003E\n              \u003Csource srcset=\u0022\/sites\/default\/files\/styles\/teaser_large_xs\/public\/sit\/images\/5721190\/23799485.jpg.webp?h=69f2b9d0\u0026amp;itok=IBWDqZeb 1x\u0022 media=\u0022(min-width: 0)\u0022 type=\u0022image\/webp\u0022 width=\u0022330\u0022 height=\u0022218\u0022\/\u003E\n                  \u003Cimg loading=\u0022eager\u0022 width=\u0022330\u0022 height=\u0022218\u0022 src=\u0022\/sites\/default\/files\/styles\/teaser_large_xs\/public\/sit\/images\/5721190\/23799485.jpg.webp?h=69f2b9d0\u0026amp;itok=IBWDqZeb\u0022 alt=\u0022Aire de pique-nique plage de la Boirie N\u00b02\u0022 title=\u0022Aire de pique-nique plage de la Boirie N\u00b02\u0022 \/\u003E\n\n  \u003C\/picture\u003E\n\n\u003C\/div\u003E\n                                            \n                                                        \n        \u003C\/div\u003E\n        \u003Cdiv class=\u0022content-text\u0022\u003E\n            \n            \n                                        \u003Ca class=\u0022title link-block\u0022 href=\u0022https:\/\/www.oleroneiland.nl\/mijn-vakantie-voorbereiden\/waar-moet-ik-eten-waar-iets-drinken\/picknickplaatsen\/aire-de-pique-nique-plage-de-la-boirie-ndeg2\u0022 title=\u0022Aire de pique-nique plage de la Boirie N\u00b02\u0022\u003EAire de pique-nique plage de la Boirie N\u00b02\u003C\/a\u003E\n                        \n            \u003Cdiv\u003E\n                                \u003Cdiv class=\u0022info-complementaire\u0022\u003ESaint-Denis-d\u0026#039;Ol\u00e9ron\u003C\/div\u003E                                            \u003C\/div\u003E\n        \u003C\/div\u003E\n            \u003C\/div\u003E\n\u003C\/div\u003E\n\u003C\/div\u003E\u003Cdiv class=\u0022un-resultat col-12 col-sm-6 col-md-4 col-xl-3\u0022\u003E\u003Cdiv class=\u0022objet-touristique teaser_large entity-content teaser click-block\u0022 data-id=\u00225699713\u0022 data-title=\u0022La Petite Plage\u0022 data-id-intuitiv=\u0022sit-5699713\u0022 data-url=\u0022https:\/\/www.oleroneiland.nl\/mijn-vakantie-voorbereiden\/waar-te-slapen\/hotels\/la-petite-plage\u0022\u003E\n    \u003Cdiv class=\u0022content\u0022\u003E\n        \u003Cdiv class=\u0022content-image\u0022\u003E\n            \u003Cdiv class=\u0022image\u0022\u003E    \u003Cpicture\u003E\n                  \u003Csource srcset=\u0022\/sites\/default\/files\/styles\/teaser_large_xl\/public\/sit\/images\/5699713\/16976438.jpg.webp?h=ddb1ad0c\u0026amp;itok=9-25H_OW 1x\u0022 media=\u0022(min-width: 1600px)\u0022 type=\u0022image\/webp\u0022 width=\u0022410\u0022 height=\u0022275\u0022\/\u003E\n              \u003Csource srcset=\u0022\/sites\/default\/files\/styles\/teaser_large_xs\/public\/sit\/images\/5699713\/16976438.jpg.webp?h=ddb1ad0c\u0026amp;itok=2pfQuCfe 1x\u0022 media=\u0022(min-width: 0)\u0022 type=\u0022image\/webp\u0022 width=\u0022330\u0022 height=\u0022218\u0022\/\u003E\n                  \u003Cimg loading=\u0022eager\u0022 width=\u0022330\u0022 height=\u0022218\u0022 src=\u0022\/sites\/default\/files\/styles\/teaser_large_xs\/public\/sit\/images\/5699713\/16976438.jpg.webp?h=ddb1ad0c\u0026amp;itok=2pfQuCfe\u0022 alt=\u0022La Petite Plage\u0022 title=\u0022La Petite Plage\u0022 \/\u003E\n\n  \u003C\/picture\u003E\n\n\u003C\/div\u003E\n                                                \u003Cdiv class=\u0022content-labels\u0022\u003E\n                        \u003Cdiv class=\u0022label blanc\u0022\u003EOnline reserveren\u003C\/div\u003E\n                    \u003C\/div\u003E\n                                \u003Cspan class=\u0022classement classement-2-etoiles\u0022\u003E\u003C\/span\u003E\n                                \u003Cdiv class=\u0022prix-depart\u0022\u003Evanaf \u003Cspan\u003E65\u20ac\u003C\/span\u003E\u003C\/div\u003E                        \n        \u003C\/div\u003E\n        \u003Cdiv class=\u0022content-text\u0022\u003E\n            \n            \n                                        \u003Ca class=\u0022title link-block\u0022 href=\u0022https:\/\/www.oleroneiland.nl\/mijn-vakantie-voorbereiden\/waar-te-slapen\/hotels\/la-petite-plage\u0022 title=\u0022La Petite Plage\u0022\u003ELa Petite Plage\u003C\/a\u003E\n                        \n            \u003Cdiv\u003E\n                                \u003Cdiv class=\u0022info-complementaire\u0022\u003ESaint-Georges-d\u0026#039;Ol\u00e9ron\u003C\/div\u003E                                            \u003C\/div\u003E\n        \u003C\/div\u003E\n            \u003C\/div\u003E\n\u003C\/div\u003E\n\u003C\/div\u003E\u003Cdiv class=\u0022un-resultat col-12 col-sm-6 col-md-4 col-xl-3\u0022\u003E\u003Cdiv class=\u0022objet-touristique teaser_large entity-content teaser click-block\u0022 data-id=\u00225704410\u0022 data-title=\u0022Le Caf\u00e9 de la Plage\u0022 data-id-intuitiv=\u0022sit-5704410\u0022 data-url=\u0022https:\/\/www.oleroneiland.nl\/mijn-vakantie-voorbereiden\/waar-moet-ik-eten-waar-iets-drinken\/restaurants\/le-cafe-de-la-plage\u0022\u003E\n    \u003Cdiv class=\u0022content\u0022\u003E\n        \u003Cdiv class=\u0022content-image\u0022\u003E\n            \u003Cdiv class=\u0022image\u0022\u003E    \u003Cpicture\u003E\n                  \u003Csource srcset=\u0022\/sites\/default\/files\/styles\/teaser_large_xl\/public\/sit\/images\/5704410\/20197580.jpg.webp?h=ddb1ad0c\u0026amp;itok=WfEPtcIA 1x\u0022 media=\u0022(min-width: 1600px)\u0022 type=\u0022image\/webp\u0022 width=\u0022410\u0022 height=\u0022275\u0022\/\u003E\n              \u003Csource srcset=\u0022\/sites\/default\/files\/styles\/teaser_large_xs\/public\/sit\/images\/5704410\/20197580.jpg.webp?h=ddb1ad0c\u0026amp;itok=dajZ7q2l 1x\u0022 media=\u0022(min-width: 0)\u0022 type=\u0022image\/webp\u0022 width=\u0022330\u0022 height=\u0022218\u0022\/\u003E\n                  \u003Cimg loading=\u0022eager\u0022 width=\u0022330\u0022 height=\u0022218\u0022 src=\u0022\/sites\/default\/files\/styles\/teaser_large_xs\/public\/sit\/images\/5704410\/20197580.jpg.webp?h=ddb1ad0c\u0026amp;itok=dajZ7q2l\u0022 alt=\u0022devanture\u0022 title=\u0022Le Caf\u00e9 de la Plage\u0022 \/\u003E\n\n  \u003C\/picture\u003E\n\n\u003C\/div\u003E\n                                            \n                                                        \u003Cdiv class=\u0022infos-complementaires\u0022\u003EVandaag geopend\u003C\/div\u003E\n        \u003C\/div\u003E\n        \u003Cdiv class=\u0022content-text\u0022\u003E\n            \n            \n                                        \u003Ca class=\u0022title link-block\u0022 href=\u0022https:\/\/www.oleroneiland.nl\/mijn-vakantie-voorbereiden\/waar-moet-ik-eten-waar-iets-drinken\/restaurants\/le-cafe-de-la-plage\u0022 title=\u0022Le Caf\u00e9 de la Plage\u0022\u003ELe Caf\u00e9 de la Plage\u003C\/a\u003E\n                        \n            \u003Cdiv\u003E\n                                \u003Cdiv class=\u0022info-complementaire\u0022\u003ESaint-Georges-d\u0026#039;Ol\u00e9ron\u003C\/div\u003E                                            \u003C\/div\u003E\n        \u003C\/div\u003E\n            \u003C\/div\u003E\n\u003C\/div\u003E\n\u003C\/div\u003E\u003Cdiv class=\u0022un-resultat col-12 col-sm-6 col-md-4 col-xl-3\u0022\u003E\u003Cdiv class=\u0022objet-touristique teaser_large entity-content teaser click-block\u0022 data-id=\u00225743739\u0022 data-title=\u0022Parking Plage de Gatseau\u0022 data-id-intuitiv=\u0022sit-5743739\u0022 data-url=\u0022https:\/\/www.oleroneiland.nl\/commerces-et-services-sites-communaux\/parking-plage-de-gatseau\u0022\u003E\n    \u003Cdiv class=\u0022content\u0022\u003E\n        \u003Cdiv class=\u0022content-image\u0022\u003E\n            \u003Cdiv class=\u0022image\u0022\u003E    \u003Cpicture\u003E\n                  \u003Csource srcset=\u0022\/sites\/default\/files\/styles\/teaser_large_xl\/public\/sit\/images\/5743739\/9986753.jpg.webp?h=ddb1ad0c\u0026amp;itok=1OPxkz-P 1x\u0022 media=\u0022(min-width: 1600px)\u0022 type=\u0022image\/webp\u0022 width=\u0022410\u0022 height=\u0022275\u0022\/\u003E\n              \u003Csource srcset=\u0022\/sites\/default\/files\/styles\/teaser_large_xs\/public\/sit\/images\/5743739\/9986753.jpg.webp?h=ddb1ad0c\u0026amp;itok=GDSDaCsv 1x\u0022 media=\u0022(min-width: 0)\u0022 type=\u0022image\/webp\u0022 width=\u0022330\u0022 height=\u0022218\u0022\/\u003E\n                  \u003Cimg loading=\u0022eager\u0022 width=\u0022330\u0022 height=\u0022218\u0022 src=\u0022\/sites\/default\/files\/styles\/teaser_large_xs\/public\/sit\/images\/5743739\/9986753.jpg.webp?h=ddb1ad0c\u0026amp;itok=GDSDaCsv\u0022 alt=\u0022Gatseau\u0022 title=\u0022Gatseau\u0022 \/\u003E\n\n  \u003C\/picture\u003E\n\n\u003C\/div\u003E\n                                            \n                                                        \n        \u003C\/div\u003E\n        \u003Cdiv class=\u0022content-text\u0022\u003E\n            \n            \n                                        \u003Ca class=\u0022title link-block\u0022 href=\u0022https:\/\/www.oleroneiland.nl\/commerces-et-services-sites-communaux\/parking-plage-de-gatseau\u0022 title=\u0022Parking Plage de Gatseau\u0022\u003EParking Plage de Gatseau\u003C\/a\u003E\n                        \n            \u003Cdiv\u003E\n                                \u003Cdiv class=\u0022info-complementaire\u0022\u003ESaint-Trojan-les-Bains\u003C\/div\u003E                                            \u003C\/div\u003E\n        \u003C\/div\u003E\n            \u003C\/div\u003E\n\u003C\/div\u003E\n\u003C\/div\u003E\u003Cdiv class=\u0022un-resultat col-12 col-sm-6 col-md-4 col-xl-3\u0022\u003E\u003Cdiv class=\u0022objet-touristique teaser_large entity-content teaser click-block\u0022 data-id=\u00225724629\u0022 data-title=\u0022Maison \u00e0 Plaisance\u0022 data-id-intuitiv=\u0022sit-5724629\u0022 data-url=\u0022https:\/\/www.oleroneiland.nl\/mijn-vakantie-voorbereiden\/waar-te-slapen\/vakantiewoningen\/maison-a-plaisance\u0022\u003E\n    \u003Cdiv class=\u0022content\u0022\u003E\n        \u003Cdiv class=\u0022content-image\u0022\u003E\n            \u003Cdiv class=\u0022image\u0022\u003E    \u003Cpicture\u003E\n                  \u003Csource srcset=\u0022\/sites\/default\/files\/styles\/teaser_large_xl\/public\/sit\/images\/5724629\/37783580.jpg.webp?h=ddb1ad0c\u0026amp;itok=uGeWkjfP 1x\u0022 media=\u0022(min-width: 1600px)\u0022 type=\u0022image\/webp\u0022 width=\u0022410\u0022 height=\u0022275\u0022\/\u003E\n              \u003Csource srcset=\u0022\/sites\/default\/files\/styles\/teaser_large_xs\/public\/sit\/images\/5724629\/37783580.jpg.webp?h=ddb1ad0c\u0026amp;itok=yzdQpJ6a 1x\u0022 media=\u0022(min-width: 0)\u0022 type=\u0022image\/webp\u0022 width=\u0022330\u0022 height=\u0022218\u0022\/\u003E\n                  \u003Cimg loading=\u0022eager\u0022 width=\u0022330\u0022 height=\u0022218\u0022 src=\u0022\/sites\/default\/files\/styles\/teaser_large_xs\/public\/sit\/images\/5724629\/37783580.jpg.webp?h=ddb1ad0c\u0026amp;itok=yzdQpJ6a\u0022 alt=\u0022Maison \u00e0 Plaisance\u0022 title=\u0022Maison \u00e0 Plaisance\u0022 \/\u003E\n\n  \u003C\/picture\u003E\n\n\u003C\/div\u003E\n                                            \u003Cspan class=\u0022classement classement-2-etoiles\u0022\u003E\u003C\/span\u003E\n                                \u003Cdiv class=\u0022prix-depart\u0022\u003Evanaf \u003Cspan\u003E1080\u20ac\u003C\/span\u003E\u003C\/div\u003E                        \n        \u003C\/div\u003E\n        \u003Cdiv class=\u0022content-text\u0022\u003E\n            \n            \n                                        \u003Ca class=\u0022title link-block\u0022 href=\u0022https:\/\/www.oleroneiland.nl\/mijn-vakantie-voorbereiden\/waar-te-slapen\/vakantiewoningen\/maison-a-plaisance\u0022 title=\u0022Maison \u00e0 Plaisance\u0022\u003EMaison \u00e0 Plaisance\u003C\/a\u003E\n                        \n            \u003Cdiv\u003E\n                                \u003Cdiv class=\u0022info-complementaire\u0022\u003ESaint-Georges-d\u0026#039;Ol\u00e9ron\u003C\/div\u003E                                \u003Cdiv class=\u0022info-complementaire\u0022\u003E@max. pers. capaciteit\u003C\/div\u003E            \u003C\/div\u003E\n        \u003C\/div\u003E\n            \u003C\/div\u003E\n\u003C\/div\u003E\n\u003C\/div\u003E\u003Cdiv class=\u0022un-resultat col-12 col-sm-6 col-md-4 col-xl-3\u0022\u003E\u003Cdiv class=\u0022objet-touristique teaser_large entity-content teaser click-block\u0022 data-id=\u00225951010\u0022 data-title=\u0022Retour de plage\u0022 data-id-intuitiv=\u0022sit-5951010\u0022 data-url=\u0022https:\/\/www.oleroneiland.nl\/mijn-vakantie-voorbereiden\/wat-moet-ik-doen\/ambachten-en-kunstgalerijen\/retour-de-plage-1\u0022\u003E\n    \u003Cdiv class=\u0022content\u0022\u003E\n        \u003Cdiv class=\u0022content-image\u0022\u003E\n            \u003Cdiv class=\u0022image\u0022\u003E    \u003Cpicture\u003E\n                  \u003Csource srcset=\u0022\/sites\/default\/files\/styles\/teaser_large_xl\/public\/sit\/images\/5951010\/32255593.jpg.webp?h=69f2b9d0\u0026amp;itok=TQEFbbxy 1x\u0022 media=\u0022(min-width: 1600px)\u0022 type=\u0022image\/webp\u0022 width=\u0022410\u0022 height=\u0022275\u0022\/\u003E\n              \u003Csource srcset=\u0022\/sites\/default\/files\/styles\/teaser_large_xs\/public\/sit\/images\/5951010\/32255593.jpg.webp?h=69f2b9d0\u0026amp;itok=bzyBO4TW 1x\u0022 media=\u0022(min-width: 0)\u0022 type=\u0022image\/webp\u0022 width=\u0022330\u0022 height=\u0022218\u0022\/\u003E\n                  \u003Cimg loading=\u0022eager\u0022 width=\u0022330\u0022 height=\u0022218\u0022 src=\u0022\/sites\/default\/files\/styles\/teaser_large_xs\/public\/sit\/images\/5951010\/32255593.jpg.webp?h=69f2b9d0\u0026amp;itok=bzyBO4TW\u0022 alt=\u0022Retour de plage_Saint-Pierre-d\u0026#039;Ol\u00e9ron\u0022 title=\u0022Retour de plage\u0022 \/\u003E\n\n  \u003C\/picture\u003E\n\n\u003C\/div\u003E\n                                            \n                                                        \n        \u003C\/div\u003E\n        \u003Cdiv class=\u0022content-text\u0022\u003E\n            \n            \n                                        \u003Ca class=\u0022title link-block\u0022 href=\u0022https:\/\/www.oleroneiland.nl\/mijn-vakantie-voorbereiden\/wat-moet-ik-doen\/ambachten-en-kunstgalerijen\/retour-de-plage-1\u0022 title=\u0022Retour de plage\u0022\u003ERetour de plage\u003C\/a\u003E\n                        \n            \u003Cdiv\u003E\n                                \u003Cdiv class=\u0022info-complementaire\u0022\u003ESaint-Pierre-d\u0026#039;Ol\u00e9ron\u003C\/div\u003E                                            \u003C\/div\u003E\n        \u003C\/div\u003E\n            \u003C\/div\u003E\n\u003C\/div\u003E\n\u003C\/div\u003E\u003Cdiv class=\u0022un-resultat col-12 col-sm-6 col-md-4 col-xl-3\u0022\u003E\u003Cdiv class=\u0022objet-touristique teaser_large entity-content teaser click-block\u0022 data-id=\u00225735273\u0022 data-title=\u0022La Grande plage\u0022 data-id-intuitiv=\u0022sit-5735273\u0022 data-url=\u0022https:\/\/www.oleroneiland.nl\/mijn-vakantie-voorbereiden\/wat-moet-ik-doen\/wateractiviteiten\/stranden\/la-grande-plage\u0022\u003E\n    \u003Cdiv class=\u0022content\u0022\u003E\n        \u003Cdiv class=\u0022content-image\u0022\u003E\n            \u003Cdiv class=\u0022image\u0022\u003E    \u003Cpicture\u003E\n                  \u003Csource srcset=\u0022\/sites\/default\/files\/styles\/teaser_large_xl\/public\/sit\/images\/5735273\/9388431.jpg.webp?h=199d8c1f\u0026amp;itok=Z-FdSyzq 1x\u0022 media=\u0022(min-width: 1600px)\u0022 type=\u0022image\/webp\u0022 width=\u0022410\u0022 height=\u0022275\u0022\/\u003E\n              \u003Csource srcset=\u0022\/sites\/default\/files\/styles\/teaser_large_xs\/public\/sit\/images\/5735273\/9388431.jpg.webp?h=199d8c1f\u0026amp;itok=8Z5JYQHg 1x\u0022 media=\u0022(min-width: 0)\u0022 type=\u0022image\/webp\u0022 width=\u0022330\u0022 height=\u0022218\u0022\/\u003E\n                  \u003Cimg loading=\u0022eager\u0022 width=\u0022330\u0022 height=\u0022218\u0022 src=\u0022\/sites\/default\/files\/styles\/teaser_large_xs\/public\/sit\/images\/5735273\/9388431.jpg.webp?h=199d8c1f\u0026amp;itok=8Z5JYQHg\u0022 alt=\u0022grande plage\u0022 title=\u0022La Grande plage\u0022 \/\u003E\n\n  \u003C\/picture\u003E\n\n\u003C\/div\u003E\n                                            \n                                                        \n        \u003C\/div\u003E\n        \u003Cdiv class=\u0022content-text\u0022\u003E\n            \n            \n                                        \u003Ca class=\u0022title link-block\u0022 href=\u0022https:\/\/www.oleroneiland.nl\/mijn-vakantie-voorbereiden\/wat-moet-ik-doen\/wateractiviteiten\/stranden\/la-grande-plage\u0022 title=\u0022La Grande plage\u0022\u003ELa Grande plage\u003C\/a\u003E\n                        \n            \u003Cdiv\u003E\n                                \u003Cdiv class=\u0022info-complementaire\u0022\u003ESaint-Trojan-les-Bains\u003C\/div\u003E                                            \u003C\/div\u003E\n        \u003C\/div\u003E\n            \u003C\/div\u003E\n\u003C\/div\u003E\n\u003C\/div\u003E\u003Cdiv class=\u0022un-resultat col-12 col-sm-6 col-md-4 col-xl-3\u0022\u003E\u003Cdiv class=\u0022objet-touristique teaser_large entity-content teaser click-block\u0022 data-id=\u00226852730\u0022 data-title=\u0022Charmante maison proche de la plage des Huttes\u0022 data-id-intuitiv=\u0022sit-6852730\u0022 data-url=\u0022https:\/\/www.oleroneiland.nl\/mijn-vakantie-voorbereiden\/waar-te-slapen\/vakantiewoningen\/charmante-maison-proche-de-la-plage-des-huttes\u0022\u003E\n    \u003Cdiv class=\u0022content\u0022\u003E\n        \u003Cdiv class=\u0022content-image\u0022\u003E\n            \u003Cdiv class=\u0022image\u0022\u003E    \u003Cpicture\u003E\n                  \u003Csource srcset=\u0022\/sites\/default\/files\/styles\/teaser_large_xl\/public\/sit\/images\/6852730\/21847517.jpg.webp?h=a2b7f8c1\u0026amp;itok=e2LGuWck 1x\u0022 media=\u0022(min-width: 1600px)\u0022 type=\u0022image\/webp\u0022 width=\u0022410\u0022 height=\u0022275\u0022\/\u003E\n              \u003Csource srcset=\u0022\/sites\/default\/files\/styles\/teaser_large_xs\/public\/sit\/images\/6852730\/21847517.jpg.webp?h=a2b7f8c1\u0026amp;itok=5GdQpQj9 1x\u0022 media=\u0022(min-width: 0)\u0022 type=\u0022image\/webp\u0022 width=\u0022330\u0022 height=\u0022218\u0022\/\u003E\n                  \u003Cimg loading=\u0022eager\u0022 width=\u0022330\u0022 height=\u0022218\u0022 src=\u0022\/sites\/default\/files\/styles\/teaser_large_xs\/public\/sit\/images\/6852730\/21847517.jpg.webp?h=a2b7f8c1\u0026amp;itok=5GdQpQj9\u0022 alt=\u0022Studio\u0022 title=\u0022Charmante maison proche de la plage des Huttes\u0022 \/\u003E\n\n  \u003C\/picture\u003E\n\n\u003C\/div\u003E\n                                                \u003Cdiv class=\u0022content-labels\u0022\u003E\n                        \u003Cdiv class=\u0022label blanc\u0022\u003EOnline reserveren\u003C\/div\u003E\n                    \u003C\/div\u003E\n                                \u003Cspan class=\u0022classement classement-1-etoile\u0022\u003E\u003C\/span\u003E\n                                \u003Cdiv class=\u0022prix-depart\u0022\u003Evanaf \u003Cspan\u003E840\u20ac\u003C\/span\u003E\u003C\/div\u003E                        \n        \u003C\/div\u003E\n        \u003Cdiv class=\u0022content-text\u0022\u003E\n            \n            \n                                        \u003Ca class=\u0022title link-block\u0022 href=\u0022https:\/\/www.oleroneiland.nl\/mijn-vakantie-voorbereiden\/waar-te-slapen\/vakantiewoningen\/charmante-maison-proche-de-la-plage-des-huttes\u0022 title=\u0022Charmante maison proche de la plage des Huttes\u0022\u003ECharmante maison proche de la plage des Huttes\u003C\/a\u003E\n                        \n            \u003Cdiv\u003E\n                                \u003Cdiv class=\u0022info-complementaire\u0022\u003ESaint-Georges-d\u0026#039;Ol\u00e9ron\u003C\/div\u003E                                \u003Cdiv class=\u0022info-complementaire\u0022\u003E@max. pers. capaciteit\u003C\/div\u003E            \u003C\/div\u003E\n        \u003C\/div\u003E\n            \u003C\/div\u003E\n\u003C\/div\u003E\n\u003C\/div\u003E\u003Cdiv class=\u0022un-resultat col-12 col-sm-6 col-md-4 col-xl-3\u0022\u003E\u003Cdiv class=\u0022objet-touristique teaser_large entity-content teaser click-block\u0022 data-id=\u00226819659\u0022 data-title=\u0022Aire de pique nique - La plage du Vieux Chapus\u0022 data-id-intuitiv=\u0022sit-6819659\u0022 data-url=\u0022https:\/\/www.oleroneiland.nl\/mijn-vakantie-voorbereiden\/waar-moet-ik-eten-waar-iets-drinken\/picknickplaatsen\/aire-de-pique-nique-la-plage-du-vieux-chapus\u0022\u003E\n    \u003Cdiv class=\u0022content\u0022\u003E\n        \u003Cdiv class=\u0022content-image\u0022\u003E\n            \u003Cdiv class=\u0022image\u0022\u003E    \u003Cpicture\u003E\n                  \u003Csource srcset=\u0022\/sites\/default\/files\/styles\/teaser_large_xl\/public\/sit\/images\/6819659\/23799376.jpg.webp?h=69f2b9d0\u0026amp;itok=9nSfhrxp 1x\u0022 media=\u0022(min-width: 1600px)\u0022 type=\u0022image\/webp\u0022 width=\u0022410\u0022 height=\u0022275\u0022\/\u003E\n              \u003Csource srcset=\u0022\/sites\/default\/files\/styles\/teaser_large_xs\/public\/sit\/images\/6819659\/23799376.jpg.webp?h=69f2b9d0\u0026amp;itok=I0cT2te5 1x\u0022 media=\u0022(min-width: 0)\u0022 type=\u0022image\/webp\u0022 width=\u0022330\u0022 height=\u0022218\u0022\/\u003E\n                  \u003Cimg loading=\u0022eager\u0022 width=\u0022330\u0022 height=\u0022218\u0022 src=\u0022\/sites\/default\/files\/styles\/teaser_large_xs\/public\/sit\/images\/6819659\/23799376.jpg.webp?h=69f2b9d0\u0026amp;itok=I0cT2te5\u0022 alt=\u0022Aire de pique nique - La plage du Vieux Chapus\u0022 title=\u0022Aire de pique nique - La plage du Vieux Chapus\u0022 \/\u003E\n\n  \u003C\/picture\u003E\n\n\u003C\/div\u003E\n                                            \n                                                        \n        \u003C\/div\u003E\n        \u003Cdiv class=\u0022content-text\u0022\u003E\n            \n            \n                                        \u003Ca class=\u0022title link-block\u0022 href=\u0022https:\/\/www.oleroneiland.nl\/mijn-vakantie-voorbereiden\/waar-moet-ik-eten-waar-iets-drinken\/picknickplaatsen\/aire-de-pique-nique-la-plage-du-vieux-chapus\u0022 title=\u0022Aire de pique nique - La plage du Vieux Chapus\u0022\u003EAire de pique nique - La plage du Vieux Chapus\u003C\/a\u003E\n                        \n            \u003Cdiv\u003E\n                                \u003Cdiv class=\u0022info-complementaire\u0022\u003EBourcefranc-le-Chapus\u003C\/div\u003E                                            \u003C\/div\u003E\n        \u003C\/div\u003E\n            \u003C\/div\u003E\n\u003C\/div\u003E\n\u003C\/div\u003E\u003Cdiv class=\u0022un-resultat col-12 col-sm-6 col-md-4 col-xl-3\u0022\u003E\u003Cdiv class=\u0022objet-touristique teaser_large entity-content teaser click-block\u0022 data-id=\u00225727901\u0022 data-title=\u0022Aire de pique nique Plage des Sables Vignier\u0022 data-id-intuitiv=\u0022sit-5727901\u0022 data-url=\u0022https:\/\/www.oleroneiland.nl\/mijn-vakantie-voorbereiden\/waar-moet-ik-eten-waar-iets-drinken\/picknickplaatsen\/aire-de-pique-nique-plage-des-sables-vignier\u0022\u003E\n    \u003Cdiv class=\u0022content\u0022\u003E\n        \u003Cdiv class=\u0022content-image\u0022\u003E\n            \u003Cdiv class=\u0022image\u0022\u003E    \u003Cpicture\u003E\n                  \u003Csource srcset=\u0022\/sites\/default\/files\/styles\/teaser_large_xl\/public\/sit\/images\/5727901\/9330967.jpg.webp?h=ddb1ad0c\u0026amp;itok=TRNHZ7Ou 1x\u0022 media=\u0022(min-width: 1600px)\u0022 type=\u0022image\/webp\u0022 width=\u0022410\u0022 height=\u0022275\u0022\/\u003E\n              \u003Csource srcset=\u0022\/sites\/default\/files\/styles\/teaser_large_xs\/public\/sit\/images\/5727901\/9330967.jpg.webp?h=ddb1ad0c\u0026amp;itok=zC5sFC54 1x\u0022 media=\u0022(min-width: 0)\u0022 type=\u0022image\/webp\u0022 width=\u0022330\u0022 height=\u0022218\u0022\/\u003E\n                  \u003Cimg loading=\u0022eager\u0022 width=\u0022330\u0022 height=\u0022218\u0022 src=\u0022\/sites\/default\/files\/styles\/teaser_large_xs\/public\/sit\/images\/5727901\/9330967.jpg.webp?h=ddb1ad0c\u0026amp;itok=zC5sFC54\u0022 alt=\u0022Office de Tourisme\u0022 title=\u0022Aire de pique nique Plage des Sables Vignier\u0022 \/\u003E\n\n  \u003C\/picture\u003E\n\n\u003C\/div\u003E\n                                            \n                                                        \n        \u003C\/div\u003E\n        \u003Cdiv class=\u0022content-text\u0022\u003E\n            \n            \n                                        \u003Ca class=\u0022title link-block\u0022 href=\u0022https:\/\/www.oleroneiland.nl\/mijn-vakantie-voorbereiden\/waar-moet-ik-eten-waar-iets-drinken\/picknickplaatsen\/aire-de-pique-nique-plage-des-sables-vignier\u0022 title=\u0022Aire de pique nique Plage des Sables Vignier\u0022\u003EAire de pique nique Plage des Sables Vignier\u003C\/a\u003E\n                        \n            \u003Cdiv\u003E\n                                \u003Cdiv class=\u0022info-complementaire\u0022\u003ESaint-Georges-d\u0026#039;Ol\u00e9ron\u003C\/div\u003E                                            \u003C\/div\u003E\n        \u003C\/div\u003E\n            \u003C\/div\u003E\n\u003C\/div\u003E\n\u003C\/div\u003E\u003Cdiv class=\u0022un-resultat col-12 col-sm-6 col-md-4 col-xl-3\u0022\u003E\u003Cdiv class=\u0022objet-touristique teaser_large entity-content teaser click-block\u0022 data-id=\u00225699101\u0022 data-title=\u0022Retour de plage\u0022 data-id-intuitiv=\u0022sit-5699101\u0022 data-url=\u0022https:\/\/www.oleroneiland.nl\/mijn-vakantie-voorbereiden\/wat-moet-ik-doen\/ambachten-en-kunstgalerijen\/retour-de-plage\u0022\u003E\n    \u003Cdiv class=\u0022content\u0022\u003E\n        \u003Cdiv class=\u0022content-image\u0022\u003E\n            \u003Cdiv class=\u0022image\u0022\u003E    \u003Cpicture\u003E\n                  \u003Csource srcset=\u0022\/sites\/default\/files\/styles\/teaser_large_xl\/public\/sit\/images\/5699101\/19656462.jpg.webp?h=199d8c1f\u0026amp;itok=fbapIdPL 1x\u0022 media=\u0022(min-width: 1600px)\u0022 type=\u0022image\/webp\u0022 width=\u0022410\u0022 height=\u0022275\u0022\/\u003E\n              \u003Csource srcset=\u0022\/sites\/default\/files\/styles\/teaser_large_xs\/public\/sit\/images\/5699101\/19656462.jpg.webp?h=199d8c1f\u0026amp;itok=mCzSGyRt 1x\u0022 media=\u0022(min-width: 0)\u0022 type=\u0022image\/webp\u0022 width=\u0022330\u0022 height=\u0022218\u0022\/\u003E\n                  \u003Cimg loading=\u0022eager\u0022 width=\u0022330\u0022 height=\u0022218\u0022 src=\u0022\/sites\/default\/files\/styles\/teaser_large_xs\/public\/sit\/images\/5699101\/19656462.jpg.webp?h=199d8c1f\u0026amp;itok=mCzSGyRt\u0022 alt=\u0022Retour de plage\u0022 title=\u0022Retour de plage\u0022 \/\u003E\n\n  \u003C\/picture\u003E\n\n\u003C\/div\u003E\n                                            \n                                                        \n        \u003C\/div\u003E\n        \u003Cdiv class=\u0022content-text\u0022\u003E\n            \n            \n                                        \u003Ca class=\u0022title link-block\u0022 href=\u0022https:\/\/www.oleroneiland.nl\/mijn-vakantie-voorbereiden\/wat-moet-ik-doen\/ambachten-en-kunstgalerijen\/retour-de-plage\u0022 title=\u0022Retour de plage\u0022\u003ERetour de plage\u003C\/a\u003E\n                        \n            \u003Cdiv\u003E\n                                \u003Cdiv class=\u0022info-complementaire\u0022\u003ESaint-Trojan-les-Bains\u003C\/div\u003E                                            \u003C\/div\u003E\n        \u003C\/div\u003E\n            \u003C\/div\u003E\n\u003C\/div\u003E\n\u003C\/div\u003E\u003Cdiv class=\u0022un-resultat col-12 col-sm-6 col-md-4 col-xl-3\u0022\u003E\u003Cdiv class=\u0022objet-touristique teaser_large entity-content teaser click-block\u0022 data-id=\u00225723959\u0022 data-title=\u0022Aire de pique-nique de la R\u00e9migeasse - Plage\u0022 data-id-intuitiv=\u0022sit-5723959\u0022 data-url=\u0022https:\/\/www.oleroneiland.nl\/mijn-vakantie-voorbereiden\/waar-moet-ik-eten-waar-iets-drinken\/picknickplaatsen\/aire-de-pique-nique-de-la-remigeasse-plage\u0022\u003E\n    \u003Cdiv class=\u0022content\u0022\u003E\n        \u003Cdiv class=\u0022content-image\u0022\u003E\n            \u003Cdiv class=\u0022image\u0022\u003E    \u003Cpicture\u003E\n                  \u003Csource srcset=\u0022\/sites\/default\/files\/styles\/teaser_large_xl\/public\/sit\/images\/5723959\/9303827.jpg.webp?h=ddb1ad0c\u0026amp;itok=3aKwXBC8 1x\u0022 media=\u0022(min-width: 1600px)\u0022 type=\u0022image\/webp\u0022 width=\u0022410\u0022 height=\u0022275\u0022\/\u003E\n              \u003Csource srcset=\u0022\/sites\/default\/files\/styles\/teaser_large_xs\/public\/sit\/images\/5723959\/9303827.jpg.webp?h=ddb1ad0c\u0026amp;itok=x60a_m3q 1x\u0022 media=\u0022(min-width: 0)\u0022 type=\u0022image\/webp\u0022 width=\u0022330\u0022 height=\u0022218\u0022\/\u003E\n                  \u003Cimg loading=\u0022eager\u0022 width=\u0022330\u0022 height=\u0022218\u0022 src=\u0022\/sites\/default\/files\/styles\/teaser_large_xs\/public\/sit\/images\/5723959\/9303827.jpg.webp?h=ddb1ad0c\u0026amp;itok=x60a_m3q\u0022 alt=\u0022Aire de pique-nique La R\u00e9migeasse\u0022 title=\u0022Parking de la plage\u0022 \/\u003E\n\n  \u003C\/picture\u003E\n\n\u003C\/div\u003E\n                                            \n                                                        \n        \u003C\/div\u003E\n        \u003Cdiv class=\u0022content-text\u0022\u003E\n            \n            \n                                        \u003Ca class=\u0022title link-block\u0022 href=\u0022https:\/\/www.oleroneiland.nl\/mijn-vakantie-voorbereiden\/waar-moet-ik-eten-waar-iets-drinken\/picknickplaatsen\/aire-de-pique-nique-de-la-remigeasse-plage\u0022 title=\u0022Aire de pique-nique de la R\u00e9migeasse - Plage\u0022\u003EAire de pique-nique de la R\u00e9migeasse - Plage\u003C\/a\u003E\n                        \n            \u003Cdiv\u003E\n                                \u003Cdiv class=\u0022info-complementaire\u0022\u003EDolus-d\u0026#039;Ol\u00e9ron\u003C\/div\u003E                                            \u003C\/div\u003E\n        \u003C\/div\u003E\n            \u003C\/div\u003E\n\u003C\/div\u003E\n\u003C\/div\u003E\u003Cdiv class=\u0022un-resultat col-12 col-sm-6 col-md-4 col-xl-3\u0022\u003E\u003Cdiv class=\u0022entity-content node-page-edito-or-sas teaser node node-page-edito teaser_large click-block\u0022 data-url=\u0022https:\/\/www.oleroneiland.nl\/ontdek\/het-eiland-oleron\/grand-village-plage\u0022\u003E\n    \u003Cdiv class=\u0022content\u0022\u003E\n        \u003Cdiv class=\u0022content-image\u0022\u003E\n            \n                            \n      \u003Cdiv class=\u0022random-images\u0022\u003E\n              \u003Cdiv\u003E\u003Cdiv class=\u0022image media full\u0022\u003E\n    \n  \u003Cdiv\u003E\n    \u003Cdiv class=\u0022visually-hidden\u0022\u003EAfbeelding\u003C\/div\u003E\n              \u003Cdiv\u003E    \u003Cpicture\u003E\n                  \u003Csource srcset=\u0022\/sites\/default\/files\/styles\/teaser_large_xl\/public\/2024-09\/%40arthurhabudzik-%20Marennes%20Ol%C3%A9ron%202022-29.jpg.webp?h=53510d63\u0026amp;itok=rlQeXlQz 1x\u0022 media=\u0022(min-width: 1600px)\u0022 type=\u0022image\/webp\u0022 width=\u0022410\u0022 height=\u0022275\u0022\/\u003E\n              \u003Csource srcset=\u0022\/sites\/default\/files\/styles\/teaser_large_xs\/public\/2024-09\/%40arthurhabudzik-%20Marennes%20Ol%C3%A9ron%202022-29.jpg.webp?h=53510d63\u0026amp;itok=M8V8Uwc9 1x\u0022 media=\u0022(min-width: 0)\u0022 type=\u0022image\/webp\u0022 width=\u0022330\u0022 height=\u0022218\u0022\/\u003E\n                  \u003Cimg loading=\u0022eager\u0022 width=\u0022330\u0022 height=\u0022218\u0022 src=\u0022\/sites\/default\/files\/styles\/teaser_large_xs\/public\/2024-09\/%40arthurhabudzik-%20Marennes%20Ol%C3%A9ron%202022-29.jpg.webp?h=53510d63\u0026amp;itok=M8V8Uwc9\u0022 alt=\u0022Port des Salines, Le Grand-Village-Plage\u0022 \/\u003E\n\n  \u003C\/picture\u003E\n\n\u003C\/div\u003E\n          \u003C\/div\u003E\n    \u003C\/div\u003E\u003C\/div\u003E\n          \u003C\/div\u003E\n  \n                    \u003C\/div\u003E\n        \u003Cdiv class=\u0022content-text\u0022\u003E\n            \n            \u003Ca class=\u0022title link-block\u0022 href=\u0022https:\/\/www.oleroneiland.nl\/ontdek\/het-eiland-oleron\/grand-village-plage\u0022 title=\u0022Grand Village-Plage\u0022\u003EGrand Village-Plage\u003C\/a\u003E\n            \n        \u003C\/div\u003E\n    \u003C\/div\u003E\n\u003C\/div\u003E\n\u003C\/div\u003E\u003Cdiv class=\u0022un-resultat col-12 col-sm-6 col-md-4 col-xl-3\u0022\u003E\u003Cdiv class=\u0022entity-content node-page-edito-or-sas teaser node node-page-edito teaser_large click-block\u0022 data-url=\u0022https:\/\/www.oleroneiland.nl\/webcams\/la-petite-plage-van-saint-trojan-les-bains-live\u0022\u003E\n    \u003Cdiv class=\u0022content\u0022\u003E\n        \u003Cdiv class=\u0022content-image\u0022\u003E\n            \n                            \n      \u003Cdiv class=\u0022random-images\u0022\u003E\n              \u003Cdiv\u003E\u003Cdiv class=\u0022image media full\u0022\u003E\n    \n  \u003Cdiv\u003E\n    \u003Cdiv class=\u0022visually-hidden\u0022\u003EAfbeelding\u003C\/div\u003E\n              \u003Cdiv\u003E    \u003Cpicture\u003E\n                  \u003Csource srcset=\u0022\/sites\/default\/files\/styles\/teaser_large_xl\/public\/2024-09\/La-Petite-Plage-de-Saint-Trojan-les-Bains.JPEG.webp?h=a57d4ebb\u0026amp;itok=NGm6F0Gx 1x\u0022 media=\u0022(min-width: 1600px)\u0022 type=\u0022image\/webp\u0022 width=\u0022410\u0022 height=\u0022275\u0022\/\u003E\n              \u003Csource srcset=\u0022\/sites\/default\/files\/styles\/teaser_large_xs\/public\/2024-09\/La-Petite-Plage-de-Saint-Trojan-les-Bains.JPEG.webp?h=a57d4ebb\u0026amp;itok=jUGeXfyy 1x\u0022 media=\u0022(min-width: 0)\u0022 type=\u0022image\/webp\u0022 width=\u0022330\u0022 height=\u0022218\u0022\/\u003E\n                  \u003Cimg loading=\u0022eager\u0022 width=\u0022330\u0022 height=\u0022218\u0022 src=\u0022\/sites\/default\/files\/styles\/teaser_large_xs\/public\/2024-09\/La-Petite-Plage-de-Saint-Trojan-les-Bains.JPEG.webp?h=a57d4ebb\u0026amp;itok=jUGeXfyy\u0022 alt=\u0022La Petite Plage de Saint-Trojan-les-Bains, Webcam\u0022 \/\u003E\n\n  \u003C\/picture\u003E\n\n\u003C\/div\u003E\n          \u003C\/div\u003E\n    \u003C\/div\u003E\u003C\/div\u003E\n          \u003C\/div\u003E\n  \n                    \u003C\/div\u003E\n        \u003Cdiv class=\u0022content-text\u0022\u003E\n            \n            \u003Ca class=\u0022title link-block\u0022 href=\u0022https:\/\/www.oleroneiland.nl\/webcams\/la-petite-plage-van-saint-trojan-les-bains-live\u0022 title=\u0022La Petite Plage van Saint-Trojan-les-Bains - Live\u0022\u003ELa Petite Plage van Saint-Trojan-les-Bains - Live\u003C\/a\u003E\n            \n        \u003C\/div\u003E\n    \u003C\/div\u003E\n\u003C\/div\u003E\n\u003C\/div\u003E\u003Cdiv class=\u0022un-resultat col-12 col-sm-6 col-md-4 col-xl-3\u0022\u003E\u003Cdiv class=\u0022objet-touristique teaser_large entity-content teaser click-block\u0022 data-id=\u00225723925\u0022 data-title=\u0022March\u00e9 de Grand-Village Plage\u0022 data-id-intuitiv=\u0022sit-5723925\u0022 data-url=\u0022https:\/\/www.oleroneiland.nl\/mijn-vakantie-voorbereiden\/waar-moet-ik-eten-waar-iets-drinken\/lokale-markten\/marche-de-grand-village-plage\u0022\u003E\n    \u003Cdiv class=\u0022content\u0022\u003E\n        \u003Cdiv class=\u0022content-image\u0022\u003E\n            \u003Cdiv class=\u0022image\u0022\u003E    \u003Cpicture\u003E\n                  \u003Csource srcset=\u0022\/sites\/default\/files\/styles\/teaser_large_xl\/public\/sit\/images\/5723925\/9316279.jpg.webp?h=ddb1ad0c\u0026amp;itok=7_OnPkk_ 1x\u0022 media=\u0022(min-width: 1600px)\u0022 type=\u0022image\/webp\u0022 width=\u0022410\u0022 height=\u0022275\u0022\/\u003E\n              \u003Csource srcset=\u0022\/sites\/default\/files\/styles\/teaser_large_xs\/public\/sit\/images\/5723925\/9316279.jpg.webp?h=ddb1ad0c\u0026amp;itok=tlZzGPmh 1x\u0022 media=\u0022(min-width: 0)\u0022 type=\u0022image\/webp\u0022 width=\u0022330\u0022 height=\u0022218\u0022\/\u003E\n                  \u003Cimg loading=\u0022eager\u0022 width=\u0022330\u0022 height=\u0022218\u0022 src=\u0022\/sites\/default\/files\/styles\/teaser_large_xs\/public\/sit\/images\/5723925\/9316279.jpg.webp?h=ddb1ad0c\u0026amp;itok=tlZzGPmh\u0022 alt=\u0022March\u00e9 de Grand-Village Plage\u0022 title=\u0022March\u00e9 de Grand-Village Plage\u0022 \/\u003E\n\n  \u003C\/picture\u003E\n\n\u003C\/div\u003E\n                                            \n                                                        \n        \u003C\/div\u003E\n        \u003Cdiv class=\u0022content-text\u0022\u003E\n            \n            \n                                        \u003Ca class=\u0022title link-block\u0022 href=\u0022https:\/\/www.oleroneiland.nl\/mijn-vakantie-voorbereiden\/waar-moet-ik-eten-waar-iets-drinken\/lokale-markten\/marche-de-grand-village-plage\u0022 title=\u0022March\u00e9 de Grand-Village Plage\u0022\u003EMarch\u00e9 de Grand-Village Plage\u003C\/a\u003E\n                        \n            \u003Cdiv\u003E\n                                \u003Cdiv class=\u0022info-complementaire\u0022\u003ELe Grand-Village-Plage\u003C\/div\u003E                                            \u003C\/div\u003E\n        \u003C\/div\u003E\n            \u003C\/div\u003E\n\u003C\/div\u003E\n\u003C\/div\u003E\u003Cdiv class=\u0022un-resultat col-12 col-sm-6 col-md-4 col-xl-3\u0022\u003E\u003Cdiv class=\u0022objet-touristique teaser_large entity-content teaser click-block\u0022 data-id=\u00226595201\u0022 data-title=\u0022Chemin d\u0026#039;Ol\u00e9ron - de Le Grand-Village-Plage au viaduc\u0022 data-id-intuitiv=\u0022sit-6595201\u0022 data-url=\u0022https:\/\/www.oleroneiland.nl\/mijn-vakantie-voorbereiden\/wat-moet-ik-doen\/wandelingen-en-trektochten\/chemin-d-oleron-de-le-grand-village-plage-au-viaduc\u0022\u003E\n    \u003Cdiv class=\u0022content\u0022\u003E\n        \u003Cdiv class=\u0022content-image\u0022\u003E\n            \u003Cdiv class=\u0022image\u0022\u003E    \u003Cpicture\u003E\n                  \u003Csource srcset=\u0022\/sites\/default\/files\/styles\/teaser_large_xl\/public\/sit\/images\/6595201\/18174526.jpg.webp?h=69f2b9d0\u0026amp;itok=h4rGsyNN 1x\u0022 media=\u0022(min-width: 1600px)\u0022 type=\u0022image\/webp\u0022 width=\u0022410\u0022 height=\u0022275\u0022\/\u003E\n              \u003Csource srcset=\u0022\/sites\/default\/files\/styles\/teaser_large_xs\/public\/sit\/images\/6595201\/18174526.jpg.webp?h=69f2b9d0\u0026amp;itok=HmD_G3O_ 1x\u0022 media=\u0022(min-width: 0)\u0022 type=\u0022image\/webp\u0022 width=\u0022330\u0022 height=\u0022218\u0022\/\u003E\n                  \u003Cimg loading=\u0022eager\u0022 width=\u0022330\u0022 height=\u0022218\u0022 src=\u0022\/sites\/default\/files\/styles\/teaser_large_xs\/public\/sit\/images\/6595201\/18174526.jpg.webp?h=69f2b9d0\u0026amp;itok=HmD_G3O_\u0022 alt=\u0022Chemin d\u0026#039;Ol\u00e9ron logo\u0022 title=\u0022Chemin d\u0026#039;Ol\u00e9ron - de Le Grand-Village-Plage au viaduc\u0022 \/\u003E\n\n  \u003C\/picture\u003E\n\n\u003C\/div\u003E\n                                            \n                                                        \n        \u003C\/div\u003E\n        \u003Cdiv class=\u0022content-text\u0022\u003E\n            \n            \n                                        \u003Ca class=\u0022title link-block\u0022 href=\u0022https:\/\/www.oleroneiland.nl\/mijn-vakantie-voorbereiden\/wat-moet-ik-doen\/wandelingen-en-trektochten\/chemin-d-oleron-de-le-grand-village-plage-au-viaduc\u0022 title=\u0022Chemin d\u0026#039;Ol\u00e9ron - de Le Grand-Village-Plage au viaduc\u0022\u003EChemin d\u0026#039;Ol\u00e9ron - de Le Grand-Village-Plage au viaduc\u003C\/a\u003E\n                        \n            \u003Cdiv\u003E\n                                \u003Cdiv class=\u0022info-complementaire\u0022\u003ELe Grand-Village-Plage\u003C\/div\u003E                                            \u003C\/div\u003E\n        \u003C\/div\u003E\n            \u003C\/div\u003E\n\u003C\/div\u003E\n\u003C\/div\u003E\u003Cdiv class=\u0022un-resultat col-12 col-sm-6 col-md-4 col-xl-3\u0022\u003E\u003Cdiv class=\u0022objet-touristique teaser_large entity-content teaser click-block\u0022 data-id=\u00227262566\u0022 data-title=\u0022Un Jardin \u00e0 la plage\u0022 data-id-intuitiv=\u0022sit-7262566\u0022 data-url=\u0022https:\/\/www.oleroneiland.nl\/mijn-vakantie-voorbereiden\/waar-te-slapen\/vakantiewoningen\/un-jardin-a-la-plage\u0022\u003E\n    \u003Cdiv class=\u0022content\u0022\u003E\n        \u003Cdiv class=\u0022content-image\u0022\u003E\n            \u003Cdiv class=\u0022image\u0022\u003E    \u003Cpicture\u003E\n                  \u003Csource srcset=\u0022\/sites\/default\/files\/styles\/teaser_large_xl\/public\/sit\/images\/7262566\/29295439.jpg.webp?h=ddb1ad0c\u0026amp;itok=23wP-pqF 1x\u0022 media=\u0022(min-width: 1600px)\u0022 type=\u0022image\/webp\u0022 width=\u0022410\u0022 height=\u0022275\u0022\/\u003E\n              \u003Csource srcset=\u0022\/sites\/default\/files\/styles\/teaser_large_xs\/public\/sit\/images\/7262566\/29295439.jpg.webp?h=ddb1ad0c\u0026amp;itok=ohSJa0jA 1x\u0022 media=\u0022(min-width: 0)\u0022 type=\u0022image\/webp\u0022 width=\u0022330\u0022 height=\u0022218\u0022\/\u003E\n                  \u003Cimg loading=\u0022eager\u0022 width=\u0022330\u0022 height=\u0022218\u0022 src=\u0022\/sites\/default\/files\/styles\/teaser_large_xs\/public\/sit\/images\/7262566\/29295439.jpg.webp?h=ddb1ad0c\u0026amp;itok=ohSJa0jA\u0022 alt=\u0022Jardin\u0022 title=\u0022Un Jardin \u00e0 la plage\u0022 \/\u003E\n\n  \u003C\/picture\u003E\n\n\u003C\/div\u003E\n                                            \u003Cspan class=\u0022classement classement-2-etoiles\u0022\u003E\u003C\/span\u003E\n                                \u003Cdiv class=\u0022prix-depart\u0022\u003Evanaf \u003Cspan\u003E700\u20ac\u003C\/span\u003E\u003C\/div\u003E                        \n        \u003C\/div\u003E\n        \u003Cdiv class=\u0022content-text\u0022\u003E\n            \n            \n                                        \u003Ca class=\u0022title link-block\u0022 href=\u0022https:\/\/www.oleroneiland.nl\/mijn-vakantie-voorbereiden\/waar-te-slapen\/vakantiewoningen\/un-jardin-a-la-plage\u0022 title=\u0022Un Jardin \u00e0 la plage\u0022\u003EUn Jardin \u00e0 la plage\u003C\/a\u003E\n                        \n            \u003Cdiv\u003E\n                                \u003Cdiv class=\u0022info-complementaire\u0022\u003ESaint-Pierre-d\u0026#039;Ol\u00e9ron\u003C\/div\u003E                                \u003Cdiv class=\u0022info-complementaire\u0022\u003E@max. pers. capaciteit\u003C\/div\u003E            \u003C\/div\u003E\n        \u003C\/div\u003E\n            \u003C\/div\u003E\n\u003C\/div\u003E\n\u003C\/div\u003E\u003Cdiv class=\u0022un-resultat col-12 col-sm-6 col-md-4 col-xl-3\u0022\u003E\u003Cdiv class=\u0022objet-touristique teaser_large entity-content teaser click-block\u0022 data-id=\u00226595098\u0022 data-title=\u0022Chemin d\u0026#039;Ol\u00e9ron - de Domino \u00e0 Le Grand-Village-Plage\u0022 data-id-intuitiv=\u0022sit-6595098\u0022 data-url=\u0022https:\/\/www.oleroneiland.nl\/mijn-vakantie-voorbereiden\/wat-moet-ik-doen\/wandelingen-en-trektochten\/chemin-d-oleron-de-domino-a-le-grand-village-plage\u0022\u003E\n    \u003Cdiv class=\u0022content\u0022\u003E\n        \u003Cdiv class=\u0022content-image\u0022\u003E\n            \u003Cdiv class=\u0022image\u0022\u003E    \u003Cpicture\u003E\n                  \u003Csource srcset=\u0022\/sites\/default\/files\/styles\/teaser_large_xl\/public\/sit\/images\/6595098\/25655382.jpg.webp?h=4252d3b7\u0026amp;itok=p0BlilIO 1x\u0022 media=\u0022(min-width: 1600px)\u0022 type=\u0022image\/webp\u0022 width=\u0022410\u0022 height=\u0022275\u0022\/\u003E\n              \u003Csource srcset=\u0022\/sites\/default\/files\/styles\/teaser_large_xs\/public\/sit\/images\/6595098\/25655382.jpg.webp?h=4252d3b7\u0026amp;itok=RPAbD869 1x\u0022 media=\u0022(min-width: 0)\u0022 type=\u0022image\/webp\u0022 width=\u0022330\u0022 height=\u0022218\u0022\/\u003E\n                  \u003Cimg loading=\u0022eager\u0022 width=\u0022330\u0022 height=\u0022218\u0022 src=\u0022\/sites\/default\/files\/styles\/teaser_large_xs\/public\/sit\/images\/6595098\/25655382.jpg.webp?h=4252d3b7\u0026amp;itok=RPAbD869\u0022 alt=\u0022Chemin d\u0026#039;Ol\u00e9ron\u0022 title=\u0022Chemin d\u0026#039;Ol\u00e9ron balisage\u0022 \/\u003E\n\n  \u003C\/picture\u003E\n\n\u003C\/div\u003E\n                                            \n                                                        \n        \u003C\/div\u003E\n        \u003Cdiv class=\u0022content-text\u0022\u003E\n            \n            \n                                        \u003Ca class=\u0022title link-block\u0022 href=\u0022https:\/\/www.oleroneiland.nl\/mijn-vakantie-voorbereiden\/wat-moet-ik-doen\/wandelingen-en-trektochten\/chemin-d-oleron-de-domino-a-le-grand-village-plage\u0022 title=\u0022Chemin d\u0026#039;Ol\u00e9ron - de Domino \u00e0 Le Grand-Village-Plage\u0022\u003EChemin d\u0026#039;Ol\u00e9ron - de Domino \u00e0 Le Grand-Village-Plage\u003C\/a\u003E\n                        \n            \u003Cdiv\u003E\n                                \u003Cdiv class=\u0022info-complementaire\u0022\u003ESaint-Georges-d\u0026#039;Ol\u00e9ron\u003C\/div\u003E                                            \u003C\/div\u003E\n        \u003C\/div\u003E\n            \u003C\/div\u003E\n\u003C\/div\u003E\n\u003C\/div\u003E\u003Cdiv class=\u0022un-resultat col-12 col-sm-6 col-md-4 col-xl-3\u0022\u003E\u003Cdiv class=\u0022objet-touristique teaser_large entity-content teaser click-block\u0022 data-id=\u00225772627\u0022 data-title=\u0022Camping Les Sables Vignier Plage\u0022 data-id-intuitiv=\u0022sit-5772627\u0022 data-url=\u0022https:\/\/www.oleroneiland.nl\/mijn-vakantie-voorbereiden\/waar-te-slapen\/campings\/camping-les-sables-vignier-plage\u0022\u003E\n    \u003Cdiv class=\u0022content\u0022\u003E\n        \u003Cdiv class=\u0022content-image\u0022\u003E\n            \u003Cdiv class=\u0022image\u0022\u003E    \u003Cpicture\u003E\n                  \u003Csource srcset=\u0022\/sites\/default\/files\/styles\/teaser_large_xl\/public\/sit\/images\/5772627\/15696195.jpg.webp?h=dc81eca6\u0026amp;itok=7SYahHv4 1x\u0022 media=\u0022(min-width: 1600px)\u0022 type=\u0022image\/webp\u0022 width=\u0022410\u0022 height=\u0022275\u0022\/\u003E\n              \u003Csource srcset=\u0022\/sites\/default\/files\/styles\/teaser_large_xs\/public\/sit\/images\/5772627\/15696195.jpg.webp?h=dc81eca6\u0026amp;itok=cmjATxdT 1x\u0022 media=\u0022(min-width: 0)\u0022 type=\u0022image\/webp\u0022 width=\u0022330\u0022 height=\u0022218\u0022\/\u003E\n                  \u003Cimg loading=\u0022eager\u0022 width=\u0022330\u0022 height=\u0022218\u0022 src=\u0022\/sites\/default\/files\/styles\/teaser_large_xs\/public\/sit\/images\/5772627\/15696195.jpg.webp?h=dc81eca6\u0026amp;itok=cmjATxdT\u0022 alt=\u0022vue camping\u0022 title=\u0022Camping Les Sables Vignier Plage\u0022 \/\u003E\n\n  \u003C\/picture\u003E\n\n\u003C\/div\u003E\n                                                \u003Cdiv class=\u0022content-labels\u0022\u003E\n                        \u003Cdiv class=\u0022label blanc\u0022\u003EOnline reserveren\u003C\/div\u003E\n                    \u003C\/div\u003E\n                                \u003Cspan class=\u0022classement classement-3-etoiles\u0022\u003E\u003C\/span\u003E\n                                                        \n        \u003C\/div\u003E\n        \u003Cdiv class=\u0022content-text\u0022\u003E\n            \n            \n                                        \u003Ca class=\u0022title link-block\u0022 href=\u0022https:\/\/www.oleroneiland.nl\/mijn-vakantie-voorbereiden\/waar-te-slapen\/campings\/camping-les-sables-vignier-plage\u0022 title=\u0022Camping Les Sables Vignier Plage\u0022\u003ECamping Les Sables Vignier Plage\u003C\/a\u003E\n                        \n            \u003Cdiv\u003E\n                                \u003Cdiv class=\u0022info-complementaire\u0022\u003ESaint-Georges-d\u0026#039;Ol\u00e9ron\u003C\/div\u003E                                            \u003C\/div\u003E\n        \u003C\/div\u003E\n            \u003C\/div\u003E\n\u003C\/div\u003E\n\u003C\/div\u003E\u003Cdiv class=\u0022un-resultat col-12 col-sm-6 col-md-4 col-xl-3\u0022\u003E\u003Cdiv class=\u0022objet-touristique teaser_large entity-content teaser click-block\u0022 data-id=\u00225689672\u0022 data-title=\u0022Meubl\u00e9 de Edith Clion\u0022 data-id-intuitiv=\u0022sit-5689672\u0022 data-url=\u0022https:\/\/www.oleroneiland.nl\/mijn-vakantie-voorbereiden\/waar-te-slapen\/vakantiewoningen\/meuble-de-edith-clion\u0022\u003E\n    \u003Cdiv class=\u0022content\u0022\u003E\n        \u003Cdiv class=\u0022content-image\u0022\u003E\n            \u003Cdiv class=\u0022image\u0022\u003E    \u003Cpicture\u003E\n                  \u003Csource srcset=\u0022\/sites\/default\/files\/styles\/teaser_large_xl\/public\/sit\/images\/5689672\/13309964.jpg.webp?h=ddb1ad0c\u0026amp;itok=hkRH4k6V 1x\u0022 media=\u0022(min-width: 1600px)\u0022 type=\u0022image\/webp\u0022 width=\u0022410\u0022 height=\u0022275\u0022\/\u003E\n              \u003Csource srcset=\u0022\/sites\/default\/files\/styles\/teaser_large_xs\/public\/sit\/images\/5689672\/13309964.jpg.webp?h=ddb1ad0c\u0026amp;itok=jLdHp5Pk 1x\u0022 media=\u0022(min-width: 0)\u0022 type=\u0022image\/webp\u0022 width=\u0022330\u0022 height=\u0022218\u0022\/\u003E\n                  \u003Cimg loading=\u0022eager\u0022 width=\u0022330\u0022 height=\u0022218\u0022 src=\u0022\/sites\/default\/files\/styles\/teaser_large_xs\/public\/sit\/images\/5689672\/13309964.jpg.webp?h=ddb1ad0c\u0026amp;itok=jLdHp5Pk\u0022 alt=\u0022Facade\u0022 title=\u0022Meubl\u00e9 de Edith Clion\u0022 \/\u003E\n\n  \u003C\/picture\u003E\n\n\u003C\/div\u003E\n                                            \u003Cspan class=\u0022classement classement-3-etoiles\u0022\u003E\u003C\/span\u003E\n                                \u003Cdiv class=\u0022prix-depart\u0022\u003Evanaf \u003Cspan\u003E460\u20ac\u003C\/span\u003E\u003C\/div\u003E                        \n        \u003C\/div\u003E\n        \u003Cdiv class=\u0022content-text\u0022\u003E\n            \n            \n                                        \u003Ca class=\u0022title link-block\u0022 href=\u0022https:\/\/www.oleroneiland.nl\/mijn-vakantie-voorbereiden\/waar-te-slapen\/vakantiewoningen\/meuble-de-edith-clion\u0022 title=\u0022Meubl\u00e9 de Edith Clion\u0022\u003EMeubl\u00e9 de Edith Clion\u003C\/a\u003E\n                        \n            \u003Cdiv\u003E\n                                \u003Cdiv class=\u0022info-complementaire\u0022\u003ESaint-Pierre-d\u0026#039;Ol\u00e9ron\u003C\/div\u003E                                \u003Cdiv class=\u0022info-complementaire\u0022\u003E@max. pers. capaciteit\u003C\/div\u003E            \u003C\/div\u003E\n        \u003C\/div\u003E\n            \u003C\/div\u003E\n\u003C\/div\u003E\n\u003C\/div\u003E\u003Cdiv class=\u0022un-resultat col-12 col-sm-6 col-md-4 col-xl-3\u0022\u003E\u003Cdiv class=\u0022objet-touristique teaser_large entity-content teaser click-block\u0022 data-id=\u00225693030\u0022 data-title=\u0022Quartier historique de Grand-Village-Plage\u0022 data-id-intuitiv=\u0022sit-5693030\u0022 data-url=\u0022https:\/\/www.oleroneiland.nl\/mijn-vakantie-voorbereiden\/wat-moet-ik-doen\/erfgoed-en-musea\/quartier-historique-de-grand-village-plage\u0022\u003E\n    \u003Cdiv class=\u0022content\u0022\u003E\n        \u003Cdiv class=\u0022content-image\u0022\u003E\n            \u003Cdiv class=\u0022image\u0022\u003E    \u003Cpicture\u003E\n                  \u003Csource srcset=\u0022\/sites\/default\/files\/styles\/teaser_large_xl\/public\/sit\/images\/5693030\/8998115.jpg.webp?h=a62189f0\u0026amp;itok=GGnEbwf8 1x\u0022 media=\u0022(min-width: 1600px)\u0022 type=\u0022image\/webp\u0022 width=\u0022410\u0022 height=\u0022275\u0022\/\u003E\n              \u003Csource srcset=\u0022\/sites\/default\/files\/styles\/teaser_large_xs\/public\/sit\/images\/5693030\/8998115.jpg.webp?h=a62189f0\u0026amp;itok=F0q6nW47 1x\u0022 media=\u0022(min-width: 0)\u0022 type=\u0022image\/webp\u0022 width=\u0022330\u0022 height=\u0022218\u0022\/\u003E\n                  \u003Cimg loading=\u0022eager\u0022 width=\u0022330\u0022 height=\u0022218\u0022 src=\u0022\/sites\/default\/files\/styles\/teaser_large_xs\/public\/sit\/images\/5693030\/8998115.jpg.webp?h=a62189f0\u0026amp;itok=F0q6nW47\u0022 alt=\u0022Quartier historique Grand Village\u0022 title=\u0022Quartier historique Grand Village\u0022 \/\u003E\n\n  \u003C\/picture\u003E\n\n\u003C\/div\u003E\n                                            \n                                                        \n        \u003C\/div\u003E\n        \u003Cdiv class=\u0022content-text\u0022\u003E\n            \n            \n                                        \u003Ca class=\u0022title link-block\u0022 href=\u0022https:\/\/www.oleroneiland.nl\/mijn-vakantie-voorbereiden\/wat-moet-ik-doen\/erfgoed-en-musea\/quartier-historique-de-grand-village-plage\u0022 title=\u0022Quartier historique de Grand-Village-Plage\u0022\u003EQuartier historique de Grand-Village-Plage\u003C\/a\u003E\n                        \n            \u003Cdiv\u003E\n                                \u003Cdiv class=\u0022info-complementaire\u0022\u003ELe Grand-Village-Plage\u003C\/div\u003E                                            \u003C\/div\u003E\n        \u003C\/div\u003E\n            \u003C\/div\u003E\n\u003C\/div\u003E\n\u003C\/div\u003E\u003Cdiv class=\u0022un-resultat col-12 col-sm-6 col-md-4 col-xl-3\u0022\u003E\u003Cdiv class=\u0022objet-touristique teaser_large entity-content teaser click-block\u0022 data-id=\u00227317252\u0022 data-title=\u0022Ol\u00e9ron Sauvetage Natation - Le Grand-Village-Plage\u0022 data-id-intuitiv=\u0022sit-7317252\u0022 data-url=\u0022https:\/\/www.oleroneiland.nl\/onze-activiteiten-en-vrije-tijd-famille-plus\/oleron-sauvetage-natation-le-grand-village-plage\u0022\u003E\n    \u003Cdiv class=\u0022content\u0022\u003E\n        \u003Cdiv class=\u0022content-image\u0022\u003E\n            \u003Cdiv class=\u0022image\u0022\u003E    \u003Cpicture\u003E\n                  \u003Csource srcset=\u0022\/sites\/default\/files\/styles\/teaser_large_xl\/public\/sit\/images\/7317252\/30529746.jpg.webp?h=bb9e8088\u0026amp;itok=xXJiXlM1 1x\u0022 media=\u0022(min-width: 1600px)\u0022 type=\u0022image\/webp\u0022 width=\u0022410\u0022 height=\u0022275\u0022\/\u003E\n              \u003Csource srcset=\u0022\/sites\/default\/files\/styles\/teaser_large_xs\/public\/sit\/images\/7317252\/30529746.jpg.webp?h=bb9e8088\u0026amp;itok=2hM6a75z 1x\u0022 media=\u0022(min-width: 0)\u0022 type=\u0022image\/webp\u0022 width=\u0022330\u0022 height=\u0022218\u0022\/\u003E\n                  \u003Cimg loading=\u0022eager\u0022 width=\u0022330\u0022 height=\u0022218\u0022 src=\u0022\/sites\/default\/files\/styles\/teaser_large_xs\/public\/sit\/images\/7317252\/30529746.jpg.webp?h=bb9e8088\u0026amp;itok=2hM6a75z\u0022 alt=\u0022Groupe sauvetage c\u00f4tier\u0022 title=\u0022Ol\u00e9ron Sauvetage Natation - Le Grand-Village-Plage\u0022 \/\u003E\n\n  \u003C\/picture\u003E\n\n\u003C\/div\u003E\n                                                \u003Cdiv class=\u0022content-labels\u0022\u003E\n                        \u003Cdiv class=\u0022label blanc\u0022\u003EOnline reserveren\u003C\/div\u003E\n                    \u003C\/div\u003E\n                                \n                                                        \n        \u003C\/div\u003E\n        \u003Cdiv class=\u0022content-text\u0022\u003E\n            \n            \n                                        \u003Ca class=\u0022title link-block\u0022 href=\u0022https:\/\/www.oleroneiland.nl\/onze-activiteiten-en-vrije-tijd-famille-plus\/oleron-sauvetage-natation-le-grand-village-plage\u0022 title=\u0022Ol\u00e9ron Sauvetage Natation - Le Grand-Village-Plage\u0022\u003EOl\u00e9ron Sauvetage Natation - Le Grand-Village-Plage\u003C\/a\u003E\n                        \n            \u003Cdiv\u003E\n                                \u003Cdiv class=\u0022info-complementaire\u0022\u003ELe Grand-Village-Plage\u003C\/div\u003E                                            \u003C\/div\u003E\n        \u003C\/div\u003E\n            \u003C\/div\u003E\n\u003C\/div\u003E\n\u003C\/div\u003E\u003Cdiv class=\u0022un-resultat col-12 col-sm-6 col-md-4 col-xl-3\u0022\u003E\u003Cdiv class=\u0022objet-touristique teaser_large entity-content teaser click-block\u0022 data-id=\u00225712815\u0022 data-title=\u0022Bureau d\u0026#039;accueil touristique de Grand village Plage\u0022 data-id-intuitiv=\u0022sit-5712815\u0022 data-url=\u0022https:\/\/www.oleroneiland.nl\/bureaux-d-accueil-touristique-iomn\/bureau-d-accueil-touristique-de-grand-village-plage\u0022\u003E\n    \u003Cdiv class=\u0022content\u0022\u003E\n        \u003Cdiv class=\u0022content-image\u0022\u003E\n            \u003Cdiv class=\u0022image\u0022\u003E    \u003Cpicture\u003E\n                  \u003Csource srcset=\u0022\/sites\/default\/files\/styles\/teaser_large_xl\/public\/sit\/images\/5712815\/34699778.jpg.webp?h=ddb1ad0c\u0026amp;itok=6Kg5QZkp 1x\u0022 media=\u0022(min-width: 1600px)\u0022 type=\u0022image\/webp\u0022 width=\u0022410\u0022 height=\u0022275\u0022\/\u003E\n              \u003Csource srcset=\u0022\/sites\/default\/files\/styles\/teaser_large_xs\/public\/sit\/images\/5712815\/34699778.jpg.webp?h=ddb1ad0c\u0026amp;itok=T5N1MwWb 1x\u0022 media=\u0022(min-width: 0)\u0022 type=\u0022image\/webp\u0022 width=\u0022330\u0022 height=\u0022218\u0022\/\u003E\n                  \u003Cimg loading=\u0022eager\u0022 width=\u0022330\u0022 height=\u0022218\u0022 src=\u0022\/sites\/default\/files\/styles\/teaser_large_xs\/public\/sit\/images\/5712815\/34699778.jpg.webp?h=ddb1ad0c\u0026amp;itok=T5N1MwWb\u0022 alt=\u0022Bureau d\u0026#039;accueil touristique de Grand village Plage_Le Grand-Village-Plage\u0022 title=\u0022Bureau d\u0026#039;accueil touristique de Grand village Plage\u0022 \/\u003E\n\n  \u003C\/picture\u003E\n\n\u003C\/div\u003E\n                                            \n                                                        \n        \u003C\/div\u003E\n        \u003Cdiv class=\u0022content-text\u0022\u003E\n            \n            \n                                        \u003Ca class=\u0022title link-block\u0022 href=\u0022https:\/\/www.oleroneiland.nl\/bureaux-d-accueil-touristique-iomn\/bureau-d-accueil-touristique-de-grand-village-plage\u0022 title=\u0022Bureau d\u0026#039;accueil touristique de Grand village Plage\u0022\u003EBureau d\u0026#039;accueil touristique de Grand village Plage\u003C\/a\u003E\n                        \n            \u003Cdiv\u003E\n                                \u003Cdiv class=\u0022info-complementaire\u0022\u003ELe Grand-Village-Plage\u003C\/div\u003E                                            \u003C\/div\u003E\n        \u003C\/div\u003E\n            \u003C\/div\u003E\n\u003C\/div\u003E\n\u003C\/div\u003E\u003Cdiv class=\u0022un-resultat col-12 col-sm-6 col-md-4 col-xl-3\u0022\u003E\u003Cdiv class=\u0022objet-touristique teaser_large entity-content teaser click-block\u0022 data-id=\u00225692864\u0022 data-title=\u0022L\u0026#039;\u00e9curie - G\u00eete de charme 4* entre plage et c\u0153ur de village\u0022 data-id-intuitiv=\u0022sit-5692864\u0022 data-url=\u0022https:\/\/www.oleroneiland.nl\/mijn-vakantie-voorbereiden\/waar-te-slapen\/vakantiewoningen\/l-ecurie-gite-de-charme-4-entre-plage-et-coeur-de-village\u0022\u003E\n    \u003Cdiv class=\u0022content\u0022\u003E\n        \u003Cdiv class=\u0022content-image\u0022\u003E\n            \u003Cdiv class=\u0022image\u0022\u003E    \u003Cpicture\u003E\n                  \u003Csource srcset=\u0022\/sites\/default\/files\/styles\/teaser_large_xl\/public\/sit\/images\/5692864\/17054005.jpg.webp?h=ddb1ad0c\u0026amp;itok=dIDhyavP 1x\u0022 media=\u0022(min-width: 1600px)\u0022 type=\u0022image\/webp\u0022 width=\u0022410\u0022 height=\u0022275\u0022\/\u003E\n              \u003Csource srcset=\u0022\/sites\/default\/files\/styles\/teaser_large_xs\/public\/sit\/images\/5692864\/17054005.jpg.webp?h=ddb1ad0c\u0026amp;itok=bJRV5mqA 1x\u0022 media=\u0022(min-width: 0)\u0022 type=\u0022image\/webp\u0022 width=\u0022330\u0022 height=\u0022218\u0022\/\u003E\n                  \u003Cimg loading=\u0022eager\u0022 width=\u0022330\u0022 height=\u0022218\u0022 src=\u0022\/sites\/default\/files\/styles\/teaser_large_xs\/public\/sit\/images\/5692864\/17054005.jpg.webp?h=ddb1ad0c\u0026amp;itok=bJRV5mqA\u0022 alt=\u0022G\u00eete L\u0026#039;\u00e9curie\u0022 title=\u0022L\u0026#039;\u00e9curie - G\u00eete de charme 4* entre plage et c\u0153ur de village\u0022 \/\u003E\n\n  \u003C\/picture\u003E\n\n\u003C\/div\u003E\n                                                \u003Cdiv class=\u0022content-labels\u0022\u003E\n                        \u003Cdiv class=\u0022label blanc\u0022\u003EOnline reserveren\u003C\/div\u003E\n                    \u003C\/div\u003E\n                                \u003Cspan class=\u0022classement classement-4-etoiles\u0022\u003E\u003C\/span\u003E\n                                \u003Cdiv class=\u0022prix-depart\u0022\u003Evanaf \u003Cspan\u003E525\u20ac\u003C\/span\u003E\u003C\/div\u003E                        \n        \u003C\/div\u003E\n        \u003Cdiv class=\u0022content-text\u0022\u003E\n            \n            \n                                        \u003Ca class=\u0022title link-block\u0022 href=\u0022https:\/\/www.oleroneiland.nl\/mijn-vakantie-voorbereiden\/waar-te-slapen\/vakantiewoningen\/l-ecurie-gite-de-charme-4-entre-plage-et-coeur-de-village\u0022 title=\u0022L\u0026#039;\u00e9curie - G\u00eete de charme 4* entre plage et c\u0153ur de village\u0022\u003EL\u0026#039;\u00e9curie - G\u00eete de charme 4* entre plage et c\u0153ur de village\u003C\/a\u003E\n                        \n            \u003Cdiv\u003E\n                                \u003Cdiv class=\u0022info-complementaire\u0022\u003EDolus-d\u0026#039;Ol\u00e9ron\u003C\/div\u003E                                \u003Cdiv class=\u0022info-complementaire\u0022\u003E@max. pers. capaciteit\u003C\/div\u003E            \u003C\/div\u003E\n        \u003C\/div\u003E\n            \u003C\/div\u003E\n\u003C\/div\u003E\n\u003C\/div\u003E\u003Cdiv class=\u0022un-resultat col-12 col-sm-6 col-md-4 col-xl-3\u0022\u003E\u003Cdiv class=\u0022objet-touristique teaser_large entity-content teaser click-block\u0022 data-id=\u00226631368\u0022 data-title=\u0022Location de tennis \u00e0 Le Grand-Village-Plage\u0022 data-id-intuitiv=\u0022sit-6631368\u0022 data-url=\u0022https:\/\/www.oleroneiland.nl\/mijn-vakantie-voorbereiden\/wat-moet-ik-doen\/familie-plezier\/themapark-en-sportactiviteiten\/location-de-tennis-a-le-grand-village-plage\u0022\u003E\n    \u003Cdiv class=\u0022content\u0022\u003E\n        \u003Cdiv class=\u0022content-image\u0022\u003E\n            \u003Cdiv class=\u0022image\u0022\u003E    \u003Cpicture\u003E\n                  \u003Csource srcset=\u0022\/sites\/default\/files\/styles\/teaser_large_xl\/public\/sit\/images\/6631368\/18992082.jpg.webp?h=ddb1ad0c\u0026amp;itok=nQ0Sk7Zj 1x\u0022 media=\u0022(min-width: 1600px)\u0022 type=\u0022image\/webp\u0022 width=\u0022410\u0022 height=\u0022275\u0022\/\u003E\n              \u003Csource srcset=\u0022\/sites\/default\/files\/styles\/teaser_large_xs\/public\/sit\/images\/6631368\/18992082.jpg.webp?h=ddb1ad0c\u0026amp;itok=TLJpCylr 1x\u0022 media=\u0022(min-width: 0)\u0022 type=\u0022image\/webp\u0022 width=\u0022330\u0022 height=\u0022218\u0022\/\u003E\n                  \u003Cimg loading=\u0022eager\u0022 width=\u0022330\u0022 height=\u0022218\u0022 src=\u0022\/sites\/default\/files\/styles\/teaser_large_xs\/public\/sit\/images\/6631368\/18992082.jpg.webp?h=ddb1ad0c\u0026amp;itok=TLJpCylr\u0022 alt=\u0022Location de tennis \u00e0 Le Grand-Village-Plage\u0022 title=\u0022Location de tennis \u00e0 Le Grand-Village-Plage\u0022 \/\u003E\n\n  \u003C\/picture\u003E\n\n\u003C\/div\u003E\n                                            \n                                                        \n        \u003C\/div\u003E\n        \u003Cdiv class=\u0022content-text\u0022\u003E\n            \n            \n                                        \u003Ca class=\u0022title link-block\u0022 href=\u0022https:\/\/www.oleroneiland.nl\/mijn-vakantie-voorbereiden\/wat-moet-ik-doen\/familie-plezier\/themapark-en-sportactiviteiten\/location-de-tennis-a-le-grand-village-plage\u0022 title=\u0022Location de tennis \u00e0 Le Grand-Village-Plage\u0022\u003ELocation de tennis \u00e0 Le Grand-Village-Plage\u003C\/a\u003E\n                        \n            \u003Cdiv\u003E\n                                \u003Cdiv class=\u0022info-complementaire\u0022\u003ELe Grand-Village-Plage\u003C\/div\u003E                                            \u003C\/div\u003E\n        \u003C\/div\u003E\n            \u003C\/div\u003E\n\u003C\/div\u003E\n\u003C\/div\u003E\u003Cdiv class=\u0022un-resultat col-12 col-sm-6 col-md-4 col-xl-3\u0022\u003E\u003Cdiv class=\u0022objet-touristique teaser_large entity-content teaser click-block\u0022 data-id=\u00225692956\u0022 data-title=\u0022Le Chai - G\u00eete de charme 4* entre plage et c\u0153ur de village\u0022 data-id-intuitiv=\u0022sit-5692956\u0022 data-url=\u0022https:\/\/www.oleroneiland.nl\/mijn-vakantie-voorbereiden\/waar-te-slapen\/vakantiewoningen\/le-chai-gite-de-charme-4-entre-plage-et-coeur-de-village\u0022\u003E\n    \u003Cdiv class=\u0022content\u0022\u003E\n        \u003Cdiv class=\u0022content-image\u0022\u003E\n            \u003Cdiv class=\u0022image\u0022\u003E    \u003Cpicture\u003E\n                  \u003Csource srcset=\u0022\/sites\/default\/files\/styles\/teaser_large_xl\/public\/sit\/images\/5692956\/21011122.jpg.webp?h=957901e8\u0026amp;itok=WaMHik7L 1x\u0022 media=\u0022(min-width: 1600px)\u0022 type=\u0022image\/webp\u0022 width=\u0022410\u0022 height=\u0022275\u0022\/\u003E\n              \u003Csource srcset=\u0022\/sites\/default\/files\/styles\/teaser_large_xs\/public\/sit\/images\/5692956\/21011122.jpg.webp?h=957901e8\u0026amp;itok=RHJ2bImH 1x\u0022 media=\u0022(min-width: 0)\u0022 type=\u0022image\/webp\u0022 width=\u0022330\u0022 height=\u0022218\u0022\/\u003E\n                  \u003Cimg loading=\u0022eager\u0022 width=\u0022330\u0022 height=\u0022218\u0022 src=\u0022\/sites\/default\/files\/styles\/teaser_large_xs\/public\/sit\/images\/5692956\/21011122.jpg.webp?h=957901e8\u0026amp;itok=RHJ2bImH\u0022 alt=\u0022G\u00eete de charme Le Chai 4*\u0022 title=\u0022Terrasse\u0022 \/\u003E\n\n  \u003C\/picture\u003E\n\n\u003C\/div\u003E\n                                            \u003Cspan class=\u0022classement classement-4-etoiles\u0022\u003E\u003C\/span\u003E\n                                \u003Cdiv class=\u0022prix-depart\u0022\u003Evanaf \u003Cspan\u003E525\u20ac\u003C\/span\u003E\u003C\/div\u003E                        \n        \u003C\/div\u003E\n        \u003Cdiv class=\u0022content-text\u0022\u003E\n            \n            \n                                        \u003Ca class=\u0022title link-block\u0022 href=\u0022https:\/\/www.oleroneiland.nl\/mijn-vakantie-voorbereiden\/waar-te-slapen\/vakantiewoningen\/le-chai-gite-de-charme-4-entre-plage-et-coeur-de-village\u0022 title=\u0022Le Chai - G\u00eete de charme 4* entre plage et c\u0153ur de village\u0022\u003ELe Chai - G\u00eete de charme 4* entre plage et c\u0153ur de village\u003C\/a\u003E\n                        \n            \u003Cdiv\u003E\n                                \u003Cdiv class=\u0022info-complementaire\u0022\u003EDolus-d\u0026#039;Ol\u00e9ron\u003C\/div\u003E                                \u003Cdiv class=\u0022info-complementaire\u0022\u003E@max. pers. capaciteit\u003C\/div\u003E            \u003C\/div\u003E\n        \u003C\/div\u003E\n            \u003C\/div\u003E\n\u003C\/div\u003E\n\u003C\/div\u003E\u003C\/div\u003E\n","settings":null},{"command":"insert","method":"html","selector":"#wrapper-more","data":"\u003Cdiv id=\u0022wrapper-more\u0022 class=\u0022action\u0022\u003E\n  \u003Ca rel=\u0022nofollow\u0022 href=\u0022\/suggestions\/plage\/2\/ajax\u0022 class=\u0022bt-refresh use-ajax\u0022 title=\u0022Meer informatie\u0022\u003EMeer informatie\u003C\/a\u003E\n\u003C\/div\u003E\n","settings":null}]